[{"@context":"https:\/\/schema.org\/","@type":"Blog","@id":"https:\/\/seibo-archive.com#Blog","headline":"\u8056\u6bcd\u5949\u732e\u306e\u30a2\u30fc\u30ab\u30a4\u30d6","description":"\u30ab\u30c8\u30ea\u30c3\u30af\u4fe1\u8005\u30d6\u30ed\u30b0\uff08\u300e\u30ed\u30fc\u30de\u516c\u6559\u8981\u7406\u300f\u3001\u6559\u4f1a\u554f\u984c\u3001\u30a2\u30fc\u30ab\u30a4\u30d6\u8cc7\u6599\u306a\u3069\uff09","url":"https:\/\/seibo-archive.com","hasPart":[{"@type":"Article","@id":"https:\/\/seibo-archive.com\/2019\/12\/08\/orationes-ante-studium\/","headline":"\u52c9\u5b66\u524d\u306e\u7948","url":"https:\/\/seibo-archive.com\/2019\/12\/08\/orationes-ante-studium\/","datePublished":"2019-12-08","dateModified":"2020-12-11","mainEntityOfPage":"https:\/\/seibo-archive.com\/2019\/12\/08\/orationes-ante-studium\/","author":{"@type":"Person","@id":"https:\/\/seibo-archive.com\/author\/johanna\/#Person","name":"\u30b5\u30a4\u30c8\u7ba1\u7406\u4eba","url":"https:\/\/seibo-archive.com\/author\/johanna\/","identifier":1,"image":{"@type":"ImageObject","@id":"https:\/\/secure.gravatar.com\/avatar\/fce151ac4f2d9be14cf94b734ed81f9a4e72b58b7ab6dc5a65e6e415cee05426?s=96&d=mm&r=g","url":"https:\/\/secure.gravatar.com\/avatar\/fce151ac4f2d9be14cf94b734ed81f9a4e72b58b7ab6dc5a65e6e415cee05426?s=96&d=mm&r=g","height":96,"width":96}},"publisher":null,"image":{"@type":"ImageObject","@id":"https:\/\/seibo-archive.com\/wp-content\/uploads\/2019\/12\/Immaculate-Conception_\u7121\u539f\u7f6a\u306e\u5fa1\u5bbf\u308a_s.jpg","url":"https:\/\/seibo-archive.com\/wp-content\/uploads\/2019\/12\/Immaculate-Conception_\u7121\u539f\u7f6a\u306e\u5fa1\u5bbf\u308a_s.jpg","height":382,"width":640},"wordCount":702,"keywords":null},{"@type":"Article","@id":"https:\/\/seibo-archive.com\/2019\/11\/24\/letter-from-the-holy-see\/","headline":"\u8056\u5ea7\u304b\u3089\u306e\u5fa1\u8fd4\u4fe1\u304c\u5c4a\u304d\u307e\u3057\u305f\uff01\uff08\u8056\u4f53\u62dd\u9818\u306b\u4f34\u3046\u88ab\u5bb3\u306a\u3069\u306b\u95a2\u3059\u308b\u5606\u9858\u66f8\u306b\u5bfe\u3057\u3066\uff09","url":"https:\/\/seibo-archive.com\/2019\/11\/24\/letter-from-the-holy-see\/","datePublished":"2019-11-24","dateModified":"2019-11-26","mainEntityOfPage":"https:\/\/seibo-archive.com\/2019\/11\/24\/letter-from-the-holy-see\/","author":{"@type":"Person","@id":"https:\/\/seibo-archive.com\/author\/johanna\/#Person","name":"\u30b5\u30a4\u30c8\u7ba1\u7406\u4eba","url":"https:\/\/seibo-archive.com\/author\/johanna\/","identifier":1,"image":{"@type":"ImageObject","@id":"https:\/\/secure.gravatar.com\/avatar\/fce151ac4f2d9be14cf94b734ed81f9a4e72b58b7ab6dc5a65e6e415cee05426?s=96&d=mm&r=g","url":"https:\/\/secure.gravatar.com\/avatar\/fce151ac4f2d9be14cf94b734ed81f9a4e72b58b7ab6dc5a65e6e415cee05426?s=96&d=mm&r=g","height":96,"width":96}},"publisher":null,"image":{"@type":"ImageObject","@id":"https:\/\/seibo-archive.com\/wp-content\/uploads\/2019\/11\/letter-form-the-holy-see-to-Japan.jpg","url":"https:\/\/seibo-archive.com\/wp-content\/uploads\/2019\/11\/letter-form-the-holy-see-to-Japan.jpg","height":578,"width":1026},"wordCount":661,"keywords":null},{"@type":"Article","@id":"https:\/\/seibo-archive.com\/2019\/11\/17\/1-62\/","headline":"\u30a2\u30e1\u30ea\u30ab\u3067\u732e\u3052\u3089\u308c\u305f\u7279\u5225\u5f62\u5f0f\u306e\u8358\u53b3\u53f8\u6559\u30df\u30b5\uff082019\u5e7411\u670816\u65e5\uff09","url":"https:\/\/seibo-archive.com\/2019\/11\/17\/1-62\/","datePublished":"2019-11-17","dateModified":"2019-11-18","mainEntityOfPage":"https:\/\/seibo-archive.com\/2019\/11\/17\/1-62\/","author":{"@type":"Person","@id":"https:\/\/seibo-archive.com\/author\/johanna\/#Person","name":"\u30b5\u30a4\u30c8\u7ba1\u7406\u4eba","url":"https:\/\/seibo-archive.com\/author\/johanna\/","identifier":1,"image":{"@type":"ImageObject","@id":"https:\/\/secure.gravatar.com\/avatar\/fce151ac4f2d9be14cf94b734ed81f9a4e72b58b7ab6dc5a65e6e415cee05426?s=96&d=mm&r=g","url":"https:\/\/secure.gravatar.com\/avatar\/fce151ac4f2d9be14cf94b734ed81f9a4e72b58b7ab6dc5a65e6e415cee05426?s=96&d=mm&r=g","height":96,"width":96}},"publisher":null,"image":{"@type":"ImageObject","@id":"https:\/\/seibo-archive.com\/wp-content\/uploads\/2019\/11\/\u30b0\u30a2\u30c0\u30eb\u30fc\u30da\u306e\u8056\u6bcd.jpg","url":"https:\/\/seibo-archive.com\/wp-content\/uploads\/2019\/11\/\u30b0\u30a2\u30c0\u30eb\u30fc\u30da\u306e\u8056\u6bcd.jpg","height":683,"width":1234},"wordCount":504,"keywords":null},{"@type":"Article","@id":"https:\/\/seibo-archive.com\/2019\/11\/16\/pre-mass-time-prayer\/","headline":"\u6559\u7687\u69d8\u300c\u30df\u30b5\u304c\u59cb\u307e\u308b\u524d\u306f\u6c88\u9ed9\u306e\u3046\u3061\u306b\u7948\u308b\u6642\u9593\u3067\u3059\u3002\u304a\u3057\u3083\u3079\u308a\u306e\u6642\u9593\u3067\u306f\u3042\u308a\u307e\u305b\u3093\u3002\u300d","url":"https:\/\/seibo-archive.com\/2019\/11\/16\/pre-mass-time-prayer\/","datePublished":"2019-11-16","dateModified":"2020-03-31","mainEntityOfPage":"https:\/\/seibo-archive.com\/2019\/11\/16\/pre-mass-time-prayer\/","author":{"@type":"Person","@id":"https:\/\/seibo-archive.com\/author\/johanna\/#Person","name":"\u30b5\u30a4\u30c8\u7ba1\u7406\u4eba","url":"https:\/\/seibo-archive.com\/author\/johanna\/","identifier":1,"image":{"@type":"ImageObject","@id":"https:\/\/secure.gravatar.com\/avatar\/fce151ac4f2d9be14cf94b734ed81f9a4e72b58b7ab6dc5a65e6e415cee05426?s=96&d=mm&r=g","url":"https:\/\/secure.gravatar.com\/avatar\/fce151ac4f2d9be14cf94b734ed81f9a4e72b58b7ab6dc5a65e6e415cee05426?s=96&d=mm&r=g","height":96,"width":96}},"publisher":null,"image":{"@type":"ImageObject","@id":"https:\/\/seibo-archive.com\/wp-content\/uploads\/2019\/02\/DEO-GRATIAS.jpg","url":"https:\/\/seibo-archive.com\/wp-content\/uploads\/2019\/02\/DEO-GRATIAS.jpg","height":163,"width":240},"wordCount":238,"keywords":null},{"@type":"Article","@id":"https:\/\/seibo-archive.com\/2019\/11\/07\/fr-william-grimm-denied-kneeling-during-communion\/","headline":"\u30a6\u30a3\u30ea\u30a2\u30e0\u30fb\u30b0\u30ea\u30e0\u795e\u7236\u306f\u8056\u4f53\u62dd\u9818\u306e\u305f\u3081\u306b\u8dea\u304f\u5916\u56fd\u4eba\u4fe1\u5f92\u3092\u3044\u307e\u3060\u62d2\u7d76\u3057\u3066\u3044\u308b\uff082019\u5e7410\u6708\uff09","url":"https:\/\/seibo-archive.com\/2019\/11\/07\/fr-william-grimm-denied-kneeling-during-communion\/","datePublished":"2019-11-07","dateModified":"2019-12-07","mainEntityOfPage":"https:\/\/seibo-archive.com\/2019\/11\/07\/fr-william-grimm-denied-kneeling-during-communion\/","author":{"@type":"Person","@id":"https:\/\/seibo-archive.com\/author\/johanna\/#Person","name":"\u30b5\u30a4\u30c8\u7ba1\u7406\u4eba","url":"https:\/\/seibo-archive.com\/author\/johanna\/","identifier":1,"image":{"@type":"ImageObject","@id":"https:\/\/secure.gravatar.com\/avatar\/fce151ac4f2d9be14cf94b734ed81f9a4e72b58b7ab6dc5a65e6e415cee05426?s=96&d=mm&r=g","url":"https:\/\/secure.gravatar.com\/avatar\/fce151ac4f2d9be14cf94b734ed81f9a4e72b58b7ab6dc5a65e6e415cee05426?s=96&d=mm&r=g","height":96,"width":96}},"publisher":null,"image":{"@type":"ImageObject","@id":"https:\/\/seibo-archive.com\/wp-content\/uploads\/2019\/11\/Fr-William-Grimm.jpg","url":"https:\/\/seibo-archive.com\/wp-content\/uploads\/2019\/11\/Fr-William-Grimm.jpg","height":320,"width":292},"wordCount":1188,"keywords":null},{"@type":"Article","@id":"https:\/\/seibo-archive.com\/2019\/11\/06\/1-61\/","headline":"\u5fa1\u8056\u4f53\u306b\u3064\u3044\u3066\u306e\u9752\u5c11\u5e74\u5411\u3051\u89e3\u8aac\u52d5\u753b","url":"https:\/\/seibo-archive.com\/2019\/11\/06\/1-61\/","datePublished":"2019-11-06","dateModified":"2019-11-17","mainEntityOfPage":"https:\/\/seibo-archive.com\/2019\/11\/06\/1-61\/","author":{"@type":"Person","@id":"https:\/\/seibo-archive.com\/author\/johanna\/#Person","name":"\u30b5\u30a4\u30c8\u7ba1\u7406\u4eba","url":"https:\/\/seibo-archive.com\/author\/johanna\/","identifier":1,"image":{"@type":"ImageObject","@id":"https:\/\/secure.gravatar.com\/avatar\/fce151ac4f2d9be14cf94b734ed81f9a4e72b58b7ab6dc5a65e6e415cee05426?s=96&d=mm&r=g","url":"https:\/\/secure.gravatar.com\/avatar\/fce151ac4f2d9be14cf94b734ed81f9a4e72b58b7ab6dc5a65e6e415cee05426?s=96&d=mm&r=g","height":96,"width":96}},"publisher":null,"image":{"@type":"ImageObject","@id":"https:\/\/seibo-archive.com\/wp-content\/uploads\/2019\/11\/Iesus_Holy-Communion-_c.jpeg","url":"https:\/\/seibo-archive.com\/wp-content\/uploads\/2019\/11\/Iesus_Holy-Communion-_c.jpeg","height":493,"width":556},"wordCount":249,"keywords":null},{"@type":"Article","@id":"https:\/\/seibo-archive.com\/2019\/10\/28\/amazon-synod-closing-mass\/","headline":"\u30a2\u30de\u30be\u30f3\u30fb\u30b7\u30ce\u30c9\u30b9 | \u30d1\u30c1\u30e3\u30de\u30de\u50cf\u6551\u51fa\u3055\u308b\u3002\u3055\u308c\u3069\u9589\u4f1a\u30df\u30b5\u306b\u306f\u767b\u5834\u305b\u305a\u3002","url":"https:\/\/seibo-archive.com\/2019\/10\/28\/amazon-synod-closing-mass\/","datePublished":"2019-10-28","dateModified":"2019-11-04","mainEntityOfPage":"https:\/\/seibo-archive.com\/2019\/10\/28\/amazon-synod-closing-mass\/","author":{"@type":"Person","@id":"https:\/\/seibo-archive.com\/author\/johanna\/#Person","name":"\u30b5\u30a4\u30c8\u7ba1\u7406\u4eba","url":"https:\/\/seibo-archive.com\/author\/johanna\/","identifier":1,"image":{"@type":"ImageObject","@id":"https:\/\/secure.gravatar.com\/avatar\/fce151ac4f2d9be14cf94b734ed81f9a4e72b58b7ab6dc5a65e6e415cee05426?s=96&d=mm&r=g","url":"https:\/\/secure.gravatar.com\/avatar\/fce151ac4f2d9be14cf94b734ed81f9a4e72b58b7ab6dc5a65e6e415cee05426?s=96&d=mm&r=g","height":96,"width":96}},"publisher":null,"image":{"@type":"ImageObject","@id":"https:\/\/seibo-archive.com\/wp-content\/uploads\/2019\/10\/910cdcf20ed2edb7213410ecf694b30f.jpg","url":"https:\/\/seibo-archive.com\/wp-content\/uploads\/2019\/10\/910cdcf20ed2edb7213410ecf694b30f.jpg","height":1280,"width":944},"wordCount":427,"keywords":null},{"@type":"Article","@id":"https:\/\/seibo-archive.com\/2019\/10\/26\/1-60\/","headline":"\u30d6\u30e9\u30b8\u30eb\u306e\u30e2\u30a6\u30e9\u30f3\u526f\u5927\u7d71\u9818\u306f\u30d5\u30ea\u30fc\u30e1\u30a4\u30bd\u30f3\u306e\u7b2c33\u4f4d\u968e\u306b\u6607\u9032\u3057\u305f\uff082019\u5e7410\u6708\uff09","url":"https:\/\/seibo-archive.com\/2019\/10\/26\/1-60\/","datePublished":"2019-10-26","dateModified":"2019-10-26","mainEntityOfPage":"https:\/\/seibo-archive.com\/2019\/10\/26\/1-60\/","author":{"@type":"Person","@id":"https:\/\/seibo-archive.com\/author\/johanna\/#Person","name":"\u30b5\u30a4\u30c8\u7ba1\u7406\u4eba","url":"https:\/\/seibo-archive.com\/author\/johanna\/","identifier":1,"image":{"@type":"ImageObject","@id":"https:\/\/secure.gravatar.com\/avatar\/fce151ac4f2d9be14cf94b734ed81f9a4e72b58b7ab6dc5a65e6e415cee05426?s=96&d=mm&r=g","url":"https:\/\/secure.gravatar.com\/avatar\/fce151ac4f2d9be14cf94b734ed81f9a4e72b58b7ab6dc5a65e6e415cee05426?s=96&d=mm&r=g","height":96,"width":96}},"publisher":null,"image":{"@type":"ImageObject","@id":"https:\/\/seibo-archive.com\/wp-content\/uploads\/2019\/10\/220px-Presidente_da_Rep\u00fablica_Jair_Bolsonaro_durante_a_solenidade_de_san\u00e7\u00e3o_da_Lei_3715-19_que_altera_o_estatuto_do_desarmamento_cropped2.jpg","url":"https:\/\/seibo-archive.com\/wp-content\/uploads\/2019\/10\/220px-Presidente_da_Rep\u00fablica_Jair_Bolsonaro_durante_a_solenidade_de_san\u00e7\u00e3o_da_Lei_3715-19_que_altera_o_estatuto_do_desarmamento_cropped2.jpg","height":253,"width":220},"wordCount":495,"keywords":null},{"@type":"Article","@id":"https:\/\/seibo-archive.com\/2019\/10\/22\/amazon-synod-pachamama-tiber-and-ford-foundation\/","headline":"\u30a2\u30de\u30be\u30f3\u30fb\u30b7\u30ce\u30c9\u30b9 | \u30d1\u30c1\u30e3\u30de\u30de\u50cf\u306f\u30c6\u30f4\u30a7\u30ec\u5ddd\u3078\u6c88\u3080\u3002\u305d\u3057\u3066\u30d5\u30a9\u30fc\u30c9\u8ca1\u56e3\u306e\u4ef6\u306f\u66f4\u306b\u8ffd\u6c42\u3055\u308c\u308b\u306e\u304b\u3002","url":"https:\/\/seibo-archive.com\/2019\/10\/22\/amazon-synod-pachamama-tiber-and-ford-foundation\/","datePublished":"2019-10-22","dateModified":"2021-05-05","mainEntityOfPage":"https:\/\/seibo-archive.com\/2019\/10\/22\/amazon-synod-pachamama-tiber-and-ford-foundation\/","author":{"@type":"Person","@id":"https:\/\/seibo-archive.com\/author\/johanna\/#Person","name":"\u30b5\u30a4\u30c8\u7ba1\u7406\u4eba","url":"https:\/\/seibo-archive.com\/author\/johanna\/","identifier":1,"image":{"@type":"ImageObject","@id":"https:\/\/secure.gravatar.com\/avatar\/fce151ac4f2d9be14cf94b734ed81f9a4e72b58b7ab6dc5a65e6e415cee05426?s=96&d=mm&r=g","url":"https:\/\/secure.gravatar.com\/avatar\/fce151ac4f2d9be14cf94b734ed81f9a4e72b58b7ab6dc5a65e6e415cee05426?s=96&d=mm&r=g","height":96,"width":96}},"publisher":null,"image":{"@type":"ImageObject","@id":"https:\/\/seibo-archive.com\/wp-content\/uploads\/2019\/10\/sinodo-300.png","url":"https:\/\/seibo-archive.com\/wp-content\/uploads\/2019\/10\/sinodo-300.png","height":300,"width":300},"wordCount":1547,"keywords":null},{"@type":"Article","@id":"https:\/\/seibo-archive.com\/2019\/10\/14\/communion-on-the-tongue-vatican-papal-mass-2019\/","headline":"\u30d0\u30c1\u30ab\u30f3\u3067\u306e\u5217\u8056\u5f0f | \u8dea\u3044\u3066\u306e\u820c\u3067\u306e\u8056\u4f53\u62dd\u9818\uff082019\u5e7410\u670813\u65e5\uff09","url":"https:\/\/seibo-archive.com\/2019\/10\/14\/communion-on-the-tongue-vatican-papal-mass-2019\/","datePublished":"2019-10-14","dateModified":"2020-01-04","mainEntityOfPage":"https:\/\/seibo-archive.com\/2019\/10\/14\/communion-on-the-tongue-vatican-papal-mass-2019\/","author":{"@type":"Person","@id":"https:\/\/seibo-archive.com\/author\/johanna\/#Person","name":"\u30b5\u30a4\u30c8\u7ba1\u7406\u4eba","url":"https:\/\/seibo-archive.com\/author\/johanna\/","identifier":1,"image":{"@type":"ImageObject","@id":"https:\/\/secure.gravatar.com\/avatar\/fce151ac4f2d9be14cf94b734ed81f9a4e72b58b7ab6dc5a65e6e415cee05426?s=96&d=mm&r=g","url":"https:\/\/secure.gravatar.com\/avatar\/fce151ac4f2d9be14cf94b734ed81f9a4e72b58b7ab6dc5a65e6e415cee05426?s=96&d=mm&r=g","height":96,"width":96}},"publisher":null,"image":{"@type":"ImageObject","@id":"https:\/\/seibo-archive.com\/wp-content\/uploads\/2019\/10\/Communion-on-the-tongue_20191013_canonizations_mass.jpg","url":"https:\/\/seibo-archive.com\/wp-content\/uploads\/2019\/10\/Communion-on-the-tongue_20191013_canonizations_mass.jpg","height":279,"width":498},"wordCount":589,"keywords":null},{"@type":"Article","@id":"https:\/\/seibo-archive.com\/2019\/09\/21\/papal-mass-in-japan-absence\/","headline":"\u3010\u5fa1\u6765\u65e5\u3011\u6559\u7687\u30df\u30b5\u306b\u53c2\u5217\u3067\u304d\u306a\u3044\u5834\u5408\u306e\u6c17\u306e\u6301\u3061\u3088\u3046\uff081981\u5e74\u306e\u8a18\u9332\u3088\u308a\uff09","url":"https:\/\/seibo-archive.com\/2019\/09\/21\/papal-mass-in-japan-absence\/","datePublished":"2019-09-21","dateModified":"2020-05-30","mainEntityOfPage":"https:\/\/seibo-archive.com\/2019\/09\/21\/papal-mass-in-japan-absence\/","author":{"@type":"Person","@id":"https:\/\/seibo-archive.com\/author\/johanna\/#Person","name":"\u30b5\u30a4\u30c8\u7ba1\u7406\u4eba","url":"https:\/\/seibo-archive.com\/author\/johanna\/","identifier":1,"image":{"@type":"ImageObject","@id":"https:\/\/secure.gravatar.com\/avatar\/fce151ac4f2d9be14cf94b734ed81f9a4e72b58b7ab6dc5a65e6e415cee05426?s=96&d=mm&r=g","url":"https:\/\/secure.gravatar.com\/avatar\/fce151ac4f2d9be14cf94b734ed81f9a4e72b58b7ab6dc5a65e6e415cee05426?s=96&d=mm&r=g","height":96,"width":96}},"publisher":null,"image":{"@type":"ImageObject","@id":"https:\/\/seibo-archive.com\/wp-content\/uploads\/2020\/05\/1981\u5e74\u30e8\u30cf\u30cd\u30fb\u30d1\u30a6\u30ed2\u4e16\u6559\u7687\u8056\u4e0b\u5fa1\u6765\u65e5\u30ed\u30b4_1.jpg","url":"https:\/\/seibo-archive.com\/wp-content\/uploads\/2020\/05\/1981\u5e74\u30e8\u30cf\u30cd\u30fb\u30d1\u30a6\u30ed2\u4e16\u6559\u7687\u8056\u4e0b\u5fa1\u6765\u65e5\u30ed\u30b4_1.jpg","height":324,"width":724},"wordCount":975,"keywords":null},{"@type":"Article","@id":"https:\/\/seibo-archive.com\/2019\/09\/14\/petition-to-the-holy-see\/","headline":"\u8056\u5ea7\u3078\u5606\u9858\u66f8\u3092\u63d0\u51fa\u3057\u307e\u3057\u305f\u3002\u30fc \u5178\u793c\u79d8\u8de1\u7701\u9577\u5b98\u30fb\u30b5\u30e9\u67a2\u6a5f\u537f\u95a3\u4e0b\u5b9b\u3066 \u30fc","url":"https:\/\/seibo-archive.com\/2019\/09\/14\/petition-to-the-holy-see\/","datePublished":"2019-09-14","dateModified":"2020-06-20","mainEntityOfPage":"https:\/\/seibo-archive.com\/2019\/09\/14\/petition-to-the-holy-see\/","author":{"@type":"Person","@id":"https:\/\/seibo-archive.com\/author\/johanna\/#Person","name":"\u30b5\u30a4\u30c8\u7ba1\u7406\u4eba","url":"https:\/\/seibo-archive.com\/author\/johanna\/","identifier":1,"image":{"@type":"ImageObject","@id":"https:\/\/secure.gravatar.com\/avatar\/fce151ac4f2d9be14cf94b734ed81f9a4e72b58b7ab6dc5a65e6e415cee05426?s=96&d=mm&r=g","url":"https:\/\/secure.gravatar.com\/avatar\/fce151ac4f2d9be14cf94b734ed81f9a4e72b58b7ab6dc5a65e6e415cee05426?s=96&d=mm&r=g","height":96,"width":96}},"publisher":null,"image":{"@type":"ImageObject","@id":"https:\/\/seibo-archive.com\/wp-content\/uploads\/2019\/09\/letter_to_vatican.jpg","url":"https:\/\/seibo-archive.com\/wp-content\/uploads\/2019\/09\/letter_to_vatican.jpg","height":574,"width":1023},"wordCount":600,"keywords":null},{"@type":"Article","@id":"https:\/\/seibo-archive.com\/2019\/08\/29\/1-59\/","headline":"Duolingo\u306b\u30e9\u30c6\u30f3\u8a9e\u30b3\u30fc\u30b9\u304c\u8ffd\u52a0\u3055\u308c\u307e\u3057\u305f\uff01\uff082019\u5e749\u670814\u65e5\u8ffd\u8a18\uff09","url":"https:\/\/seibo-archive.com\/2019\/08\/29\/1-59\/","datePublished":"2019-08-29","dateModified":"2019-09-14","mainEntityOfPage":"https:\/\/seibo-archive.com\/2019\/08\/29\/1-59\/","author":{"@type":"Person","@id":"https:\/\/seibo-archive.com\/author\/johanna\/#Person","name":"\u30b5\u30a4\u30c8\u7ba1\u7406\u4eba","url":"https:\/\/seibo-archive.com\/author\/johanna\/","identifier":1,"image":{"@type":"ImageObject","@id":"https:\/\/secure.gravatar.com\/avatar\/fce151ac4f2d9be14cf94b734ed81f9a4e72b58b7ab6dc5a65e6e415cee05426?s=96&d=mm&r=g","url":"https:\/\/secure.gravatar.com\/avatar\/fce151ac4f2d9be14cf94b734ed81f9a4e72b58b7ab6dc5a65e6e415cee05426?s=96&d=mm&r=g","height":96,"width":96}},"publisher":null,"image":{"@type":"ImageObject","@id":"https:\/\/seibo-archive.com\/wp-content\/uploads\/2019\/08\/duolingo_latin_sm.jpg","url":"https:\/\/seibo-archive.com\/wp-content\/uploads\/2019\/08\/duolingo_latin_sm.jpg","height":937,"width":1080},"wordCount":828,"keywords":null},{"@type":"Article","@id":"https:\/\/seibo-archive.com\/2019\/08\/15\/in-assumptione-beatae-mariae-virginis\/","headline":"\u8056\u6bcd\u30de\u30ea\u30a2\u69d8\u306e\u5fa1\u7d75 \u30108\u3011 \u88ab\u6607\u5929 \u2461","url":"https:\/\/seibo-archive.com\/2019\/08\/15\/in-assumptione-beatae-mariae-virginis\/","datePublished":"2019-08-15","dateModified":"2020-08-23","mainEntityOfPage":"https:\/\/seibo-archive.com\/2019\/08\/15\/in-assumptione-beatae-mariae-virginis\/","author":{"@type":"Person","@id":"https:\/\/seibo-archive.com\/author\/johanna\/#Person","name":"\u30b5\u30a4\u30c8\u7ba1\u7406\u4eba","url":"https:\/\/seibo-archive.com\/author\/johanna\/","identifier":1,"image":{"@type":"ImageObject","@id":"https:\/\/secure.gravatar.com\/avatar\/fce151ac4f2d9be14cf94b734ed81f9a4e72b58b7ab6dc5a65e6e415cee05426?s=96&d=mm&r=g","url":"https:\/\/secure.gravatar.com\/avatar\/fce151ac4f2d9be14cf94b734ed81f9a4e72b58b7ab6dc5a65e6e415cee05426?s=96&d=mm&r=g","height":96,"width":96}},"publisher":null,"image":{"@type":"ImageObject","@id":"https:\/\/seibo-archive.com\/wp-content\/uploads\/2019\/08\/Assumption_pnk_small.jpg","url":"https:\/\/seibo-archive.com\/wp-content\/uploads\/2019\/08\/Assumption_pnk_small.jpg","height":418,"width":750},"wordCount":604,"keywords":null},{"@type":"Article","@id":"https:\/\/seibo-archive.com\/2019\/08\/05\/notice-our-lady-of-the-snows\/","headline":"\u8056\u6bcd\u30de\u30ea\u30a2\u69d8\u306e\u5fa1\u7d75 \u30107\u3011 \u96ea\u306e\u8056\u6bcd","url":"https:\/\/seibo-archive.com\/2019\/08\/05\/notice-our-lady-of-the-snows\/","datePublished":"2019-08-05","dateModified":"2019-08-15","mainEntityOfPage":"https:\/\/seibo-archive.com\/2019\/08\/05\/notice-our-lady-of-the-snows\/","author":{"@type":"Person","@id":"https:\/\/seibo-archive.com\/author\/johanna\/#Person","name":"\u30b5\u30a4\u30c8\u7ba1\u7406\u4eba","url":"https:\/\/seibo-archive.com\/author\/johanna\/","identifier":1,"image":{"@type":"ImageObject","@id":"https:\/\/secure.gravatar.com\/avatar\/fce151ac4f2d9be14cf94b734ed81f9a4e72b58b7ab6dc5a65e6e415cee05426?s=96&d=mm&r=g","url":"https:\/\/secure.gravatar.com\/avatar\/fce151ac4f2d9be14cf94b734ed81f9a4e72b58b7ab6dc5a65e6e415cee05426?s=96&d=mm&r=g","height":96,"width":96}},"publisher":null,"image":{"@type":"ImageObject","@id":"https:\/\/seibo-archive.com\/wp-content\/uploads\/2019\/08\/small-Statua_Madonna_della_Neve_-_castello_di_Santa_Lucia_del_Mela.jpg","url":"https:\/\/seibo-archive.com\/wp-content\/uploads\/2019\/08\/small-Statua_Madonna_della_Neve_-_castello_di_Santa_Lucia_del_Mela.jpg","height":369,"width":509},"wordCount":335,"keywords":null},{"@type":"Article","@id":"https:\/\/seibo-archive.com\/2019\/07\/17\/petition\/","headline":"\u53f8\u6559\u5354\u8b70\u4f1a\u3078\u5606\u9858\u66f8\u3092\u63d0\u51fa\u3057\u307e\u3057\u305f \uff08\u624b\u306b\u3088\u308b\u8056\u4f53\u62dd\u9818\u306b\u4f34\u3046\u88ab\u5bb3\u9632\u6b62\uff09","url":"https:\/\/seibo-archive.com\/2019\/07\/17\/petition\/","datePublished":"2019-07-17","dateModified":"2019-11-26","mainEntityOfPage":"https:\/\/seibo-archive.com\/2019\/07\/17\/petition\/","author":{"@type":"Person","@id":"https:\/\/seibo-archive.com\/author\/johanna\/#Person","name":"\u30b5\u30a4\u30c8\u7ba1\u7406\u4eba","url":"https:\/\/seibo-archive.com\/author\/johanna\/","identifier":1,"image":{"@type":"ImageObject","@id":"https:\/\/secure.gravatar.com\/avatar\/fce151ac4f2d9be14cf94b734ed81f9a4e72b58b7ab6dc5a65e6e415cee05426?s=96&d=mm&r=g","url":"https:\/\/secure.gravatar.com\/avatar\/fce151ac4f2d9be14cf94b734ed81f9a4e72b58b7ab6dc5a65e6e415cee05426?s=96&d=mm&r=g","height":96,"width":96}},"publisher":null,"image":{"@type":"ImageObject","@id":"https:\/\/seibo-archive.com\/wp-content\/uploads\/2019\/07\/letter.jpg","url":"https:\/\/seibo-archive.com\/wp-content\/uploads\/2019\/07\/letter.jpg","height":394,"width":680},"wordCount":628,"keywords":null},{"@type":"Article","@id":"https:\/\/seibo-archive.com\/2019\/07\/13\/questionnaire-communion-results-english\/","headline":"[Questionnaire results] There are 24 victims of harm associated with Holy Communion on the tongue in Japan","url":"https:\/\/seibo-archive.com\/2019\/07\/13\/questionnaire-communion-results-english\/","datePublished":"2019-07-13","dateModified":"2025-06-28","mainEntityOfPage":"https:\/\/seibo-archive.com\/2019\/07\/13\/questionnaire-communion-results-english\/","author":{"@type":"Person","@id":"https:\/\/seibo-archive.com\/author\/johanna\/#Person","name":"\u30b5\u30a4\u30c8\u7ba1\u7406\u4eba","url":"https:\/\/seibo-archive.com\/author\/johanna\/","identifier":1,"image":{"@type":"ImageObject","@id":"https:\/\/secure.gravatar.com\/avatar\/fce151ac4f2d9be14cf94b734ed81f9a4e72b58b7ab6dc5a65e6e415cee05426?s=96&d=mm&r=g","url":"https:\/\/secure.gravatar.com\/avatar\/fce151ac4f2d9be14cf94b734ed81f9a4e72b58b7ab6dc5a65e6e415cee05426?s=96&d=mm&r=g","height":96,"width":96}},"publisher":null,"image":{"@type":"ImageObject","@id":"https:\/\/seibo-archive.com\/wp-content\/uploads\/2019\/07\/\u8056\u30de\u30ea\u30a2\u6211\u3089\u306e\u305f\u3081\u306b\u7948\u308a\u7d66\u3048_EC_J.jpg","url":"https:\/\/seibo-archive.com\/wp-content\/uploads\/2019\/07\/\u8056\u30de\u30ea\u30a2\u6211\u3089\u306e\u305f\u3081\u306b\u7948\u308a\u7d66\u3048_EC_J.jpg","height":536,"width":893},"wordCount":7054,"keywords":null}]},{"@context":"https:\/\/schema.org","@type":"WebSite","@id":"https:\/\/seibo-archive.com\/#website","name":"\u8056\u6bcd\u5949\u732e\u306e\u30a2\u30fc\u30ab\u30a4\u30d6","url":"https:\/\/seibo-archive.com","potentialAction":{"@type":"SearchAction","target":"https:\/\/seibo-archive.com\/?s={search_term_string}","query-input":"required name=search_term_string"}}]